{"id":1417,"date":"2024-03-31T21:18:41","date_gmt":"2024-04-01T00:18:41","guid":{"rendered":"https:\/\/untec.cl\/?p=1417"},"modified":"2024-03-31T21:18:41","modified_gmt":"2024-04-01T00:18:41","slug":"cambio-climatico-mas-alla-de-la-ley","status":"publish","type":"post","link":"https:\/\/untec.cl\/en\/cambio-climatico-mas-alla-de-la-ley\/","title":{"rendered":"Cambio clim\u00e1tico. M\u00e1s all\u00e1 de la Ley"},"content":{"rendered":"<p>Editorial por Ximena Moya.<\/p>\n\n\n\n<p>La reciente promulgaci\u00f3n de la Ley Marco de Cambio Clim\u00e1tico (LMCC) en junio de 2022 y la definici\u00f3n de la Estrategia Clim\u00e1tica de largo plazo son dos elementos que responden a un desaf\u00edo pa\u00eds de marca mayor: transitar para alcanzar y mantener la neutralidad de emisiones al 2050, y con ello dar cumplimiento a los compromisos internacionales asumidos por Chile. El desaf\u00edo tambi\u00e9n implica reducir la vulnerabilidad y aumentar la resiliencia a los efectos adversos, y con ello abordar la triple crisis ambiental: de cambio clim\u00e1tico, p\u00e9rdida de biodiversidad y de contaminaci\u00f3n. <\/p>\n\n\n\n<p>Para la academia y las diversas \u00e1reas multidisciplinarias de investigaci\u00f3n se abre la gran oportunidad de aterrizar la pol\u00edtica p\u00fablica hacia v\u00edas y soluciones concretas aportadas desde la ciencia.<\/p>\n\n\n\n<p>Hoy, la Fundaci\u00f3n UNTEC en alianza con el Centro de Ciencia del Clima y la Resiliencia (CR)2 apoyan y trabajan en la co-construcci\u00f3n del Dise\u00f1o de ITP para enfrentar la crisis clim\u00e1tica y ecol\u00f3gica de Chile para desarrollar planes estrat\u00e9gicos que permitan generar y\/o fortalecer capacidades tecnol\u00f3gicas (capital humano, infraestructura y equipamiento tecnol\u00f3gico, conocimiento experto, entre otros), de investigaci\u00f3n y desarrollo, de transferencia tecnol\u00f3gica y de innovaci\u00f3n para proveer de bienes y servicios de inter\u00e9s p\u00fablico a escala nacional.<\/p>\n\n\n\n<p>Con ello, nos hemos abocado principalmente a asumir un rol articulador para empujar nuevas iniciativas que aporten valor a los diferentes espacios que, con compromiso, vocaci\u00f3n y voluntad, se entretejen desde todas las regiones del pa\u00eds frente a la fragilidad y vulnerabilidad, ya que los eventos naturales y el cambio clim\u00e1tico, nos desaf\u00edan a hacerles frente, ahora, con decisi\u00f3n, pericia y agilidad.<\/p>","protected":false},"excerpt":{"rendered":"<p>Editorial por Ximena Moya. La reciente promulgaci\u00f3n de la Ley Marco de Cambio Clim\u00e1tico (LMCC) en junio de 2022 y la definici\u00f3n de la Estrategia Clim\u00e1tica de largo plazo son dos elementos que responden a un desaf\u00edo pa\u00eds de marca mayor: transitar para alcanzar y mantener la neutralidad de emisiones al 2050, y con ello [&hellip;]<\/p>\n","protected":false},"author":2,"featured_media":471,"comment_status":"open","ping_status":"open","sticky":false,"template":"","format":"standard","meta":{"_acf_changed":false,"site-sidebar-layout":"default","site-content-layout":"","ast-site-content-layout":"default","site-content-style":"default","site-sidebar-style":"default","ast-global-header-display":"","ast-banner-title-visibility":"","ast-main-header-display":"","ast-hfb-above-header-display":"","ast-hfb-below-header-display":"","ast-hfb-mobile-header-display":"","site-post-title":"","ast-breadcrumbs-content":"","ast-featured-img":"","footer-sml-layout":"","ast-disable-related-posts":"","theme-transparent-header-meta":"","adv-header-id-meta":"","stick-header-meta":"","header-above-stick-meta":"","header-main-stick-meta":"","header-below-stick-meta":"","astra-migrate-meta-layouts":"set","ast-page-background-enabled":"default","ast-page-background-meta":{"desktop":{"background-color":"var(--ast-global-color-4)","background-image":"","background-repeat":"repeat","background-position":"center center","background-size":"auto","background-attachment":"scroll","background-type":"","background-media":"","overlay-type":"","overlay-color":"","overlay-opacity":"","overlay-gradient":""},"tablet":{"background-color":"","background-image":"","background-repeat":"repeat","background-position":"center center","background-size":"auto","background-attachment":"scroll","background-type":"","background-media":"","overlay-type":"","overlay-color":"","overlay-opacity":"","overlay-gradient":""},"mobile":{"background-color":"","background-image":"","background-repeat":"repeat","background-position":"center center","background-size":"auto","background-attachment":"scroll","background-type":"","background-media":"","overlay-type":"","overlay-color":"","overlay-opacity":"","overlay-gradient":""}},"ast-content-background-meta":{"desktop":{"background-color":"var(--ast-global-color-5)","background-image":"","background-repeat":"repeat","background-position":"center center","background-size":"auto","background-attachment":"scroll","background-type":"","background-media":"","overlay-type":"","overlay-color":"","overlay-opacity":"","overlay-gradient":""},"tablet":{"background-color":"var(--ast-global-color-5)","background-image":"","background-repeat":"repeat","background-position":"center center","background-size":"auto","background-attachment":"scroll","background-type":"","background-media":"","overlay-type":"","overlay-color":"","overlay-opacity":"","overlay-gradient":""},"mobile":{"background-color":"var(--ast-global-color-5)","background-image":"","background-repeat":"repeat","background-position":"center center","background-size":"auto","background-attachment":"scroll","background-type":"","background-media":"","overlay-type":"","overlay-color":"","overlay-opacity":"","overlay-gradient":""}},"footnotes":""},"categories":[6],"tags":[],"class_list":["post-1417","post","type-post","status-publish","format-standard","has-post-thumbnail","hentry","category-noticias"],"acf":[],"_links":{"self":[{"href":"https:\/\/untec.cl\/en\/wp-json\/wp\/v2\/posts\/1417","targetHints":{"allow":["GET"]}}],"collection":[{"href":"https:\/\/untec.cl\/en\/wp-json\/wp\/v2\/posts"}],"about":[{"href":"https:\/\/untec.cl\/en\/wp-json\/wp\/v2\/types\/post"}],"author":[{"embeddable":true,"href":"https:\/\/untec.cl\/en\/wp-json\/wp\/v2\/users\/2"}],"replies":[{"embeddable":true,"href":"https:\/\/untec.cl\/en\/wp-json\/wp\/v2\/comments?post=1417"}],"version-history":[{"count":1,"href":"https:\/\/untec.cl\/en\/wp-json\/wp\/v2\/posts\/1417\/revisions"}],"predecessor-version":[{"id":1418,"href":"https:\/\/untec.cl\/en\/wp-json\/wp\/v2\/posts\/1417\/revisions\/1418"}],"wp:featuredmedia":[{"embeddable":true,"href":"https:\/\/untec.cl\/en\/wp-json\/wp\/v2\/media\/471"}],"wp:attachment":[{"href":"https:\/\/untec.cl\/en\/wp-json\/wp\/v2\/media?parent=1417"}],"wp:term":[{"taxonomy":"category","embeddable":true,"href":"https:\/\/untec.cl\/en\/wp-json\/wp\/v2\/categories?post=1417"},{"taxonomy":"post_tag","embeddable":true,"href":"https:\/\/untec.cl\/en\/wp-json\/wp\/v2\/tags?post=1417"}],"curies":[{"name":"wp","href":"https:\/\/api.w.org\/{rel}","templated":true}]}}